{"id":1,"date":"2023-12-06T16:45:47","date_gmt":"2023-12-06T15:45:47","guid":{"rendered":"http:\/\/restaurantauchatel.fr\/?p=1"},"modified":"2023-12-10T17:34:06","modified_gmt":"2023-12-10T16:34:06","slug":"bonjour-tout-le-monde","status":"publish","type":"post","link":"https:\/\/restaurantauchatel.fr\/index.php\/2023\/12\/06\/bonjour-tout-le-monde\/","title":{"rendered":"Bonjour tout le monde\u00a0!"},"content":{"rendered":"\n<p>Bienvenue sur le site du tout nouveau Restaurant de Ch\u00e2tel-en-Tri\u00e8ves.<\/p>\n\n\n\n<p>Mercredi 20 d\u00e9cembre 2023, c&rsquo;est le grand jour : l&rsquo;ouverture du Restaurant-Caf\u00e9-Epicerie Au Chatel.<\/p>\n\n\n\n<p>Souhait\u00e9 et soutenu par la municipalit\u00e9 et les habitants voici l&rsquo;ouverture de ce commerce, sur la place de la mairie de Saint S\u00e9bastien. Un commerce \u00ab\u00a0coeur de village\u00a0\u00bb chaleureux, qui vous proposera des horaires simples et r\u00e9guliers, une table riche et de qualit\u00e9, un caf\u00e9 accueillant ouvert \u00e0 la vie associative et enfin un coin \u00e9picerie avec une pr\u00e9f\u00e8rence donn\u00e9e \u00e0 la production locale.<\/p>\n\n\n\n<figure class=\"wp-block-image size-large is-resized\"><img loading=\"lazy\" decoding=\"async\" width=\"1670\" height=\"618\" src=\"https:\/\/restaurantauchatel.fr\/wp-content\/uploads\/2023\/12\/fb-compte-edited.jpg\" alt=\"\" class=\"wp-image-87\" style=\"width:839px;height:auto\" srcset=\"https:\/\/restaurantauchatel.fr\/wp-content\/uploads\/2023\/12\/fb-compte-edited.jpg 1670w, https:\/\/restaurantauchatel.fr\/wp-content\/uploads\/2023\/12\/fb-compte-edited-300x111.jpg 300w, https:\/\/restaurantauchatel.fr\/wp-content\/uploads\/2023\/12\/fb-compte-edited-1024x379.jpg 1024w, https:\/\/restaurantauchatel.fr\/wp-content\/uploads\/2023\/12\/fb-compte-edited-768x284.jpg 768w, https:\/\/restaurantauchatel.fr\/wp-content\/uploads\/2023\/12\/fb-compte-edited-1536x568.jpg 1536w\" sizes=\"auto, (max-width: 1670px) 100vw, 1670px\" \/><\/figure>\n","protected":false},"excerpt":{"rendered":"<p>Bienvenue sur le site du tout nouveau Restaurant de Ch\u00e2tel-en-Tri\u00e8ves. Mercredi 20 d\u00e9cembre 2023, c&rsquo;est le grand jour : l&rsquo;ouverture du Restaurant-Caf\u00e9-Epicerie Au Chatel. Souhait\u00e9 et soutenu par la municipalit\u00e9 et les habitants voici l&rsquo;ouverture de ce commerce, sur la&#8230; <\/p>\n<div class=\"readmore-section\"><a href=\"https:\/\/restaurantauchatel.fr\/index.php\/2023\/12\/06\/bonjour-tout-le-monde\/\"><input type=\"submit\" name=\"submit\" value=\"Continue reading&#8230;\" class=\"readmore-btn\" ><\/a><\/div>\n","protected":false},"author":1,"featured_media":0,"comment_status":"open","ping_status":"open","sticky":false,"template":"","format":"standard","meta":{"footnotes":""},"categories":[9],"tags":[],"class_list":["post-1","post","type-post","status-publish","format-standard","hentry","category-actualite"],"_links":{"self":[{"href":"https:\/\/restaurantauchatel.fr\/index.php\/wp-json\/wp\/v2\/posts\/1","targetHints":{"allow":["GET"]}}],"collection":[{"href":"https:\/\/restaurantauchatel.fr\/index.php\/wp-json\/wp\/v2\/posts"}],"about":[{"href":"https:\/\/restaurantauchatel.fr\/index.php\/wp-json\/wp\/v2\/types\/post"}],"author":[{"embeddable":true,"href":"https:\/\/restaurantauchatel.fr\/index.php\/wp-json\/wp\/v2\/users\/1"}],"replies":[{"embeddable":true,"href":"https:\/\/restaurantauchatel.fr\/index.php\/wp-json\/wp\/v2\/comments?post=1"}],"version-history":[{"count":5,"href":"https:\/\/restaurantauchatel.fr\/index.php\/wp-json\/wp\/v2\/posts\/1\/revisions"}],"predecessor-version":[{"id":150,"href":"https:\/\/restaurantauchatel.fr\/index.php\/wp-json\/wp\/v2\/posts\/1\/revisions\/150"}],"wp:attachment":[{"href":"https:\/\/restaurantauchatel.fr\/index.php\/wp-json\/wp\/v2\/media?parent=1"}],"wp:term":[{"taxonomy":"category","embeddable":true,"href":"https:\/\/restaurantauchatel.fr\/index.php\/wp-json\/wp\/v2\/categories?post=1"},{"taxonomy":"post_tag","embeddable":true,"href":"https:\/\/restaurantauchatel.fr\/index.php\/wp-json\/wp\/v2\/tags?post=1"}],"curies":[{"name":"wp","href":"https:\/\/api.w.org\/{rel}","templated":true}]}}